{"id":1877,"date":"2023-12-07T11:09:16","date_gmt":"2023-12-07T10:09:16","guid":{"rendered":"https:\/\/brittaadler.de\/?p=1877"},"modified":"2023-12-25T18:32:15","modified_gmt":"2023-12-25T17:32:15","slug":"britta-adler-jurymitglied-bei-aiv-schinkel-wettbewerb-anmeldeschluss-15-01-2024","status":"publish","type":"post","link":"https:\/\/brittaadler.de\/eng\/2023\/12\/07\/britta-adler-jurymitglied-bei-aiv-schinkel-wettbewerb-anmeldeschluss-15-01-2024\/","title":{"rendered":"Britta Adler once again a member of the jury for this year's AIV Schinkel competition - registration deadline 15.01.2024"},"content":{"rendered":"<p class=\"has-black-color has-text-color has-link-color has-large-font-size wp-elements-0d855fc484a21580a1c5f6376e93df64\"><strong>Insider tip: AIV-Schinkel-Competition 2024<\/strong><\/p>\n\n\n\n<p class=\"has-black-color has-text-color has-link-color wp-elements-6580a8ab0e619364ade60f7ce2096758\">Viele K\u00fcnstler:innen wissen nicht, dass man sich beim dem Schinkel Wettbewerb auch mit einem k\u00fcnstlerischen Entwurf bewerben kann. Neben verschiedenen planerischen Aufgabenstellungen wird auch f\u00fcr die Sparte \u201c<strong>\"free art\"<\/strong>... A great opportunity to get a prestigious art award!<\/p>\n\n\n\n<p class=\"has-black-color has-text-color has-link-color wp-elements-ead9574a6f54171c7705fd9c291f9125\"><strong>The renowned Schinkel Prize is endowed with 3,000 \u20ac.<\/strong><br>In addition, there are other prizes to be won.&nbsp;<\/p>\n\n\n\n<p class=\"has-black-color has-text-color has-link-color wp-elements-edf5a8bf9624d4416358df9392164cfa\"><strong>Theme 2024 \u2013 <em>about:tomorrow&nbsp;<\/em><\/strong><br><em>\"Learning from yesterday today to improve tomorrow. Thinking ahead.\"<\/em><\/p>\n\n\n\n<p class=\"has-black-color has-text-color has-link-color wp-elements-116166c940de7b0d9c835d5e81a0810e\">The aim is to create a vision for the further future in Berlin-Brandenburg. How can we create a upcoming\/ forthcoming\/ prospective city, where we live together in diverse communities with different cultures, in harmony with nature? How can we shape the greater Berlin\/Brandenburg area or parts of it in view of current and future crises in such a way that a really good life is possible? The choice of location is optional.<\/p>\n\n\n\n<p class=\"has-black-color has-text-color has-link-color wp-elements-8a54abb91c2da12ac7f1ff29a03431b0\"><strong>This art prize awards ideas.<\/strong>&nbsp;<br>Artistic works of different genres or an idea for an artistic project, an installation or performance etc. can be submitted. If you have an idea for an art project, an installation a performance or \u2026 the aim is not to actually realize this outline in real life. You can submit a concept via different artistic expressions: a sketch, a film (not longer than 20 min), a model, a painting, drawings, photos or other artistic expressions or any combination of the above. The award will be given to the submitted artistic design of the idea.&nbsp;<\/p>\n\n\n\n<div class=\"wp-block-group is-layout-constrained wp-block-group-is-layout-constrained\">\n<p class=\"has-black-color has-text-color has-link-color wp-elements-eee6506ae4805d14b81b78cd37214932\"><strong>Timeline:&nbsp;<\/strong><br>12.09.23 Publication of the competition announcement<br>03.11.23 Questions and answers colloquium<br><strong>15.01.24 Application deadline<br>12.02.24 Submission<\/strong><br>13.03.24 Schinkel award ceremony<\/p>\n\n\n\n<p><\/p>\n<\/div>\n\n\n\n<p class=\"has-black-color has-text-color has-link-color wp-elements-4a5a883828d7d89300ba603e8942ed02\"><strong>Requirement: <\/strong>Age up to 35 years (young talent competition).<\/p>\n\n\n\n<p class=\"has-black-color has-text-color has-link-color wp-elements-33dd3c53c96374c291027ca495711c15\">The works are submitted and evaluated anonymously.&nbsp;<\/p>\n\n\n\n<p><strong>Further information:&nbsp;<\/strong><\/p>\n\n\n\n<figure class=\"wp-block-embed is-type-wp-embed is-provider-architekten-und-ingenieurverein-zu-berlin-brandenburg-e-v wp-block-embed-architekten-und-ingenieurverein-zu-berlin-brandenburg-e-v\"><div class=\"wp-block-embed__wrapper\">\n<blockquote hcb-fetch-image-from=\"https:\/\/www.aiv-berlin-brandenburg.de\/aiv-schinkel-wettbewerb-2024-uebermorgen-2\/\" class=\"wp-embedded-content\" data-secret=\"idGNxJ4zNx\"><a href=\"https:\/\/www.aiv-berlin-brandenburg.de\/aiv-schinkel-wettbewerb-2024-uebermorgen-2\/\">AIV Schinkel-Wettbewerb 2024 \u201e\u00fcber:morgen\u201c<\/a><\/blockquote><iframe loading=\"lazy\" class=\"wp-embedded-content\" sandbox=\"allow-scripts\" security=\"restricted\" style=\"position: absolute; clip: rect(1px, 1px, 1px, 1px);\" title=\"&#8222;AIV Schinkel-Wettbewerb 2024 \u201e\u00fcber:morgen\u201c&#8220; &#8212; Architekten- und Ingenieurverein zu Berlin-Brandenburg e.V.\" src=\"https:\/\/www.aiv-berlin-brandenburg.de\/aiv-schinkel-wettbewerb-2024-uebermorgen-2\/embed\/#?secret=4iJlGUSLqa#?secret=idGNxJ4zNx\" data-secret=\"idGNxJ4zNx\" width=\"600\" height=\"338\" frameborder=\"0\" marginwidth=\"0\" marginheight=\"0\" scrolling=\"no\"><\/iframe>\n<\/div><\/figure>\n\n\n\n<p>The Schinkel Competition is organised by the Berlin-Brandenburg Association of Architects and Engineers (Architekten- und Ingenieurverein zu Berlin-Brandenburg e.V.).<\/p>","protected":false},"excerpt":{"rendered":"<p>Viele K\u00fcnstler*innen wissen nicht, dass man sich beim dem Schinkel Wettbewerb auch mit einem k\u00fcnstlerischen Entwurf bewerben kann. Neben verschiedenen planerischen Aufgabenstellungen wird auch f\u00fcr die Sparte \u201cFreie Kunst\u201d eine Aufgabe formuliert\u2026 Eine super Gelegenheit, einen namhaften Kunstpreis zu erhalten!<\/p>","protected":false},"author":2,"featured_media":1879,"comment_status":"open","ping_status":"open","sticky":false,"template":"","format":"standard","meta":{"_et_pb_use_builder":"off","_et_pb_old_content":"<!-- wp:paragraph -->\n<p><strong>Geheimtipp: AIV-Schinkel-Wettbewerb 2024<\/strong><\/p>\n<!-- \/wp:paragraph -->\n\n<!-- wp:paragraph -->\n<p>Viele K\u00fcnstler*innen wissen nicht, dass man sich beim dem Schinkel Wettbewerb auch mit einem k\u00fcnstlerischen Entwurf bewerben kann. Neben verschiedenen planerischen Aufgabenstellungen wird auch f\u00fcr die Sparte \u201c<strong>Freie Kunst<\/strong>\u201d eine Aufgabe formuliert\u2026 Eine super Gelegenheit, einen namhaften Kunstpreis zu erhalten!<\/p>\n<!-- \/wp:paragraph -->\n\n<!-- wp:paragraph -->\n<p><strong>Der renommierte Schinkelpreis ist mit 3.000 \u20ac dotiert.<\/strong><\/p>\n<!-- \/wp:paragraph -->\n\n<!-- wp:paragraph -->\n<p>Dar\u00fcber hinaus werden weitere Preise ausgelobt.\u00a0<\/p>\n<!-- \/wp:paragraph -->\n\n<!-- wp:paragraph -->\n<p><strong>Thema 2024 - <em>\u00fcber:morgen\u00a0<\/em><\/strong><\/p>\n<!-- \/wp:paragraph -->\n\n<!-- wp:paragraph -->\n<p><em>\u201cAus dem Gestern heute lernen, um das Morgen zu verbessern. Weiterdenken.\u201d<\/em><\/p>\n<!-- \/wp:paragraph -->\n\n<!-- wp:paragraph -->\n<p>Geschaffen werden soll eine Vision f\u00fcr das \u00dcbermorgen in Berlin-Brandenburg. Wie k\u00f6nnen wir eine Stadt der Zukunft schaffen, in der wir gemeinschaftlich mit verschiedenen Kulturen, im Einklang mit der Natur zusammenleben? Wie k\u00f6nnen wir den Gro\u00dfraum Berlin\/Brandenburg oder Teile davon in Anbetracht aktueller und kommender Ver\u00e4nderungen so gestalten, dass richtig gutes Leben m\u00f6glich ist? Die Standortwahl ist freigestellt.<\/p>\n<!-- \/wp:paragraph -->\n\n<!-- wp:paragraph -->\n<p><strong>Es handelt sich um einen Ideenwettbewerb.<\/strong>&nbsp;<\/p>\n<!-- \/wp:paragraph -->\n\n<!-- wp:paragraph -->\n<p>Es k\u00f6nnen k\u00fcnstlerische Werke verschiedener Genres oder auch eine Idee f\u00fcr ein k\u00fcnstlerisches Projekt, eine Installation oder Performance etc. eingereicht werden. Eine Realisation des Entwurfs ist nicht vorgesehen, pr\u00e4miert wird der eingereichte k\u00fcnstlerische Entwurf.&nbsp;<\/p>\n<!-- \/wp:paragraph -->\n\n<!-- wp:paragraph -->\n<p><strong>Timeline:&nbsp;<\/strong><\/p>\n<!-- \/wp:paragraph -->\n\n<!-- wp:paragraph -->\n<p>12.09.23 Ver\u00f6ffentlichung der Auslobung<\/p>\n<!-- \/wp:paragraph -->\n\n<!-- wp:paragraph -->\n<p>03.11.23 R\u00fcckfragenkolloquium<\/p>\n<!-- \/wp:paragraph -->\n\n<!-- wp:paragraph -->\n<p><strong>15.01.24<\/strong><strong> <\/strong><strong>Anmeldeschluss<\/strong><\/p>\n<!-- \/wp:paragraph -->\n\n<!-- wp:paragraph -->\n<p><strong>12.02.24<\/strong><strong> <\/strong><strong>Abgabe<\/strong><\/p>\n<!-- \/wp:paragraph -->\n\n<!-- wp:paragraph -->\n<p>13.03.24 Preisverleihung und Schinkel-Fest<\/p>\n<!-- \/wp:paragraph -->\n\n<!-- wp:paragraph -->\n<p><strong>Voraussetzung: <\/strong>Alter bis 35 Jahre (Nachwuchswettbewerb)<\/p>\n<!-- \/wp:paragraph -->\n\n<!-- wp:paragraph -->\n<p>Die Arbeiten werden anonym eingereicht und bewertet.&nbsp;<\/p>\n<!-- \/wp:paragraph -->\n\n<!-- wp:paragraph -->\n<p><strong>Weitere Informationen siehe:&nbsp;<\/strong><\/p>\n<!-- \/wp:paragraph -->\n\n<!-- wp:embed {\"url\":\"https:\/\/www.aiv-berlin-brandenburg.de\/aiv-schinkel-wettbewerb-2024-uebermorgen-2\/\",\"type\":\"wp-embed\",\"providerNameSlug\":\"architekten-und-ingenieurverein-zu-berlin-brandenburg-e-v\"} -->\n<figure class=\"wp-block-embed is-type-wp-embed is-provider-architekten-und-ingenieurverein-zu-berlin-brandenburg-e-v wp-block-embed-architekten-und-ingenieurverein-zu-berlin-brandenburg-e-v\"><div class=\"wp-block-embed__wrapper\">\nhttps:\/\/www.aiv-berlin-brandenburg.de\/aiv-schinkel-wettbewerb-2024-uebermorgen-2\/\n<\/div><\/figure>\n<!-- \/wp:embed -->\n\n<!-- wp:paragraph -->\n<p>Der Schinkel-Wettbewerb wird ausgelobt vom Architekten- und Ingenieurverein zu Berlin-Brandenburg e.V..<\/p>\n<!-- \/wp:paragraph -->","_et_gb_content_width":"","footnotes":""},"categories":[7],"tags":[24,22,23],"class_list":["post-1877","post","type-post","status-publish","format-standard","has-post-thumbnail","hentry","category-i-curate","tag-jury","tag-schinkelwettbewerb","tag-wettbewerb"],"yoast_head":"<!-- This site is optimized with the Yoast SEO plugin v27.5 - https:\/\/yoast.com\/product\/yoast-seo-wordpress\/ -->\n<title>Britta Adler auch dieses Jahr wieder Jurymitglied bei AIV-Schinkel Wettbewerb - Anmeldeschluss 15.01.2024 | brittaadler.de<\/title>\n<meta name=\"description\" content=\"Britta Adler ist auch dieses Jahr wieder Jurymitglied bei AIV-Schinkel Wettbewerb, Anmeldeschluss 15.01.2024. Bewirb dich jetzt.\" \/>\n<meta name=\"robots\" content=\"index, follow, max-snippet:-1, max-image-preview:large, max-video-preview:-1\" \/>\n<link rel=\"canonical\" href=\"https:\/\/brittaadler.de\/eng\/2023\/12\/07\/britta-adler-jurymitglied-bei-aiv-schinkel-wettbewerb-anmeldeschluss-15-01-2024\/\" \/>\n<meta property=\"og:locale\" content=\"en_GB\" \/>\n<meta property=\"og:type\" content=\"article\" \/>\n<meta property=\"og:title\" content=\"Britta Adler auch dieses Jahr wieder Jurymitglied bei AIV-Schinkel Wettbewerb - Anmeldeschluss 15.01.2024 | brittaadler.de\" \/>\n<meta property=\"og:description\" content=\"Britta Adler ist auch dieses Jahr wieder Jurymitglied bei AIV-Schinkel Wettbewerb, Anmeldeschluss 15.01.2024. Bewirb dich jetzt.\" \/>\n<meta property=\"og:url\" content=\"https:\/\/brittaadler.de\/eng\/2023\/12\/07\/britta-adler-jurymitglied-bei-aiv-schinkel-wettbewerb-anmeldeschluss-15-01-2024\/\" \/>\n<meta property=\"og:site_name\" content=\"brittaadler.de\" \/>\n<meta property=\"article:published_time\" content=\"2023-12-07T10:09:16+00:00\" \/>\n<meta property=\"article:modified_time\" content=\"2023-12-25T17:32:15+00:00\" \/>\n<meta property=\"og:image\" content=\"https:\/\/brittaadler.de\/wp-content\/uploads\/2023\/12\/SWB24_Ankuendigung_Seite_01-2048x1303-1.jpg\" \/>\n\t<meta property=\"og:image:width\" content=\"2048\" \/>\n\t<meta property=\"og:image:height\" content=\"1303\" \/>\n\t<meta property=\"og:image:type\" content=\"image\/jpeg\" \/>\n<meta name=\"author\" content=\"Britta Adler\" \/>\n<meta name=\"twitter:card\" content=\"summary_large_image\" \/>\n<meta name=\"twitter:label1\" content=\"Written by\" \/>\n\t<meta name=\"twitter:data1\" content=\"Britta Adler\" \/>\n\t<meta name=\"twitter:label2\" content=\"Estimated reading time\" \/>\n\t<meta name=\"twitter:data2\" content=\"2 minutes\" \/>\n<script type=\"application\/ld+json\" class=\"yoast-schema-graph\">{\"@context\":\"https:\\\/\\\/schema.org\",\"@graph\":[{\"@type\":\"Article\",\"@id\":\"https:\\\/\\\/brittaadler.de\\\/2023\\\/12\\\/07\\\/britta-adler-jurymitglied-bei-aiv-schinkel-wettbewerb-anmeldeschluss-15-01-2024\\\/#article\",\"isPartOf\":{\"@id\":\"https:\\\/\\\/brittaadler.de\\\/2023\\\/12\\\/07\\\/britta-adler-jurymitglied-bei-aiv-schinkel-wettbewerb-anmeldeschluss-15-01-2024\\\/\"},\"author\":{\"name\":\"Britta Adler\",\"@id\":\"https:\\\/\\\/brittaadler.de\\\/#\\\/schema\\\/person\\\/40d0257c6386f856786d908e2b0f9f88\"},\"headline\":\"Britta Adler auch dieses Jahr wieder Jurymitglied bei AIV-Schinkel Wettbewerb &#8211; Anmeldeschluss 15.01.2024\",\"datePublished\":\"2023-12-07T10:09:16+00:00\",\"dateModified\":\"2023-12-25T17:32:15+00:00\",\"mainEntityOfPage\":{\"@id\":\"https:\\\/\\\/brittaadler.de\\\/2023\\\/12\\\/07\\\/britta-adler-jurymitglied-bei-aiv-schinkel-wettbewerb-anmeldeschluss-15-01-2024\\\/\"},\"wordCount\":249,\"commentCount\":0,\"publisher\":{\"@id\":\"https:\\\/\\\/brittaadler.de\\\/#\\\/schema\\\/person\\\/40d0257c6386f856786d908e2b0f9f88\"},\"image\":{\"@id\":\"https:\\\/\\\/brittaadler.de\\\/2023\\\/12\\\/07\\\/britta-adler-jurymitglied-bei-aiv-schinkel-wettbewerb-anmeldeschluss-15-01-2024\\\/#primaryimage\"},\"thumbnailUrl\":\"https:\\\/\\\/brittaadler.de\\\/wp-content\\\/uploads\\\/2023\\\/12\\\/SWB24_Ankuendigung_Seite_01-2048x1303-1.jpg\",\"keywords\":[\"Jury\",\"Schinkelwettbewerb\",\"Wettbewerb\"],\"articleSection\":[\"I CURATE\"],\"inLanguage\":\"en-GB\",\"potentialAction\":[{\"@type\":\"CommentAction\",\"name\":\"Comment\",\"target\":[\"https:\\\/\\\/brittaadler.de\\\/2023\\\/12\\\/07\\\/britta-adler-jurymitglied-bei-aiv-schinkel-wettbewerb-anmeldeschluss-15-01-2024\\\/#respond\"]}]},{\"@type\":\"WebPage\",\"@id\":\"https:\\\/\\\/brittaadler.de\\\/2023\\\/12\\\/07\\\/britta-adler-jurymitglied-bei-aiv-schinkel-wettbewerb-anmeldeschluss-15-01-2024\\\/\",\"url\":\"https:\\\/\\\/brittaadler.de\\\/2023\\\/12\\\/07\\\/britta-adler-jurymitglied-bei-aiv-schinkel-wettbewerb-anmeldeschluss-15-01-2024\\\/\",\"name\":\"Britta Adler auch dieses Jahr wieder Jurymitglied bei AIV-Schinkel Wettbewerb - Anmeldeschluss 15.01.2024 | brittaadler.de\",\"isPartOf\":{\"@id\":\"https:\\\/\\\/brittaadler.de\\\/#website\"},\"primaryImageOfPage\":{\"@id\":\"https:\\\/\\\/brittaadler.de\\\/2023\\\/12\\\/07\\\/britta-adler-jurymitglied-bei-aiv-schinkel-wettbewerb-anmeldeschluss-15-01-2024\\\/#primaryimage\"},\"image\":{\"@id\":\"https:\\\/\\\/brittaadler.de\\\/2023\\\/12\\\/07\\\/britta-adler-jurymitglied-bei-aiv-schinkel-wettbewerb-anmeldeschluss-15-01-2024\\\/#primaryimage\"},\"thumbnailUrl\":\"https:\\\/\\\/brittaadler.de\\\/wp-content\\\/uploads\\\/2023\\\/12\\\/SWB24_Ankuendigung_Seite_01-2048x1303-1.jpg\",\"datePublished\":\"2023-12-07T10:09:16+00:00\",\"dateModified\":\"2023-12-25T17:32:15+00:00\",\"description\":\"Britta Adler ist auch dieses Jahr wieder Jurymitglied bei AIV-Schinkel Wettbewerb, Anmeldeschluss 15.01.2024. Bewirb dich jetzt.\",\"breadcrumb\":{\"@id\":\"https:\\\/\\\/brittaadler.de\\\/2023\\\/12\\\/07\\\/britta-adler-jurymitglied-bei-aiv-schinkel-wettbewerb-anmeldeschluss-15-01-2024\\\/#breadcrumb\"},\"inLanguage\":\"en-GB\",\"potentialAction\":[{\"@type\":\"ReadAction\",\"target\":[\"https:\\\/\\\/brittaadler.de\\\/2023\\\/12\\\/07\\\/britta-adler-jurymitglied-bei-aiv-schinkel-wettbewerb-anmeldeschluss-15-01-2024\\\/\"]}]},{\"@type\":\"ImageObject\",\"inLanguage\":\"en-GB\",\"@id\":\"https:\\\/\\\/brittaadler.de\\\/2023\\\/12\\\/07\\\/britta-adler-jurymitglied-bei-aiv-schinkel-wettbewerb-anmeldeschluss-15-01-2024\\\/#primaryimage\",\"url\":\"https:\\\/\\\/brittaadler.de\\\/wp-content\\\/uploads\\\/2023\\\/12\\\/SWB24_Ankuendigung_Seite_01-2048x1303-1.jpg\",\"contentUrl\":\"https:\\\/\\\/brittaadler.de\\\/wp-content\\\/uploads\\\/2023\\\/12\\\/SWB24_Ankuendigung_Seite_01-2048x1303-1.jpg\",\"width\":2048,\"height\":1303,\"caption\":\"AIV Schinkel-Wettbewerb 2024 \u201e\u00fcber:morgen\u201c\"},{\"@type\":\"BreadcrumbList\",\"@id\":\"https:\\\/\\\/brittaadler.de\\\/2023\\\/12\\\/07\\\/britta-adler-jurymitglied-bei-aiv-schinkel-wettbewerb-anmeldeschluss-15-01-2024\\\/#breadcrumb\",\"itemListElement\":[{\"@type\":\"ListItem\",\"position\":1,\"name\":\"Startseite\",\"item\":\"https:\\\/\\\/brittaadler.de\\\/\"},{\"@type\":\"ListItem\",\"position\":2,\"name\":\"Britta Adler auch dieses Jahr wieder Jurymitglied bei AIV-Schinkel Wettbewerb &#8211; Anmeldeschluss 15.01.2024\"}]},{\"@type\":\"WebSite\",\"@id\":\"https:\\\/\\\/brittaadler.de\\\/#website\",\"url\":\"https:\\\/\\\/brittaadler.de\\\/\",\"name\":\"brittaadler.de\",\"description\":\"I create, I curate, I coach\",\"publisher\":{\"@id\":\"https:\\\/\\\/brittaadler.de\\\/#\\\/schema\\\/person\\\/40d0257c6386f856786d908e2b0f9f88\"},\"potentialAction\":[{\"@type\":\"SearchAction\",\"target\":{\"@type\":\"EntryPoint\",\"urlTemplate\":\"https:\\\/\\\/brittaadler.de\\\/?s={search_term_string}\"},\"query-input\":{\"@type\":\"PropertyValueSpecification\",\"valueRequired\":true,\"valueName\":\"search_term_string\"}}],\"inLanguage\":\"en-GB\"},{\"@type\":[\"Person\",\"Organization\"],\"@id\":\"https:\\\/\\\/brittaadler.de\\\/#\\\/schema\\\/person\\\/40d0257c6386f856786d908e2b0f9f88\",\"name\":\"Britta Adler\",\"image\":{\"@type\":\"ImageObject\",\"inLanguage\":\"en-GB\",\"@id\":\"https:\\\/\\\/brittaadler.de\\\/wp-content\\\/uploads\\\/2022\\\/04\\\/Britta-Adler_Artist-true-grit-by-Hildebrand-scaled.jpg\",\"url\":\"https:\\\/\\\/brittaadler.de\\\/wp-content\\\/uploads\\\/2022\\\/04\\\/Britta-Adler_Artist-true-grit-by-Hildebrand-scaled.jpg\",\"contentUrl\":\"https:\\\/\\\/brittaadler.de\\\/wp-content\\\/uploads\\\/2022\\\/04\\\/Britta-Adler_Artist-true-grit-by-Hildebrand-scaled.jpg\",\"width\":2560,\"height\":1629,\"caption\":\"Britta Adler\"},\"logo\":{\"@id\":\"https:\\\/\\\/brittaadler.de\\\/wp-content\\\/uploads\\\/2022\\\/04\\\/Britta-Adler_Artist-true-grit-by-Hildebrand-scaled.jpg\"},\"sameAs\":[\"https:\\\/\\\/www.brittaadler.de\"],\"url\":\"https:\\\/\\\/brittaadler.de\\\/eng\\\/author\\\/brittaadler\\\/\"}]}<\/script>\n<!-- \/ Yoast SEO plugin. -->","yoast_head_json":{"title":"Britta Adler auch dieses Jahr wieder Jurymitglied bei AIV-Schinkel Wettbewerb - Anmeldeschluss 15.01.2024 | brittaadler.de","description":"Britta Adler ist auch dieses Jahr wieder Jurymitglied bei AIV-Schinkel Wettbewerb, Anmeldeschluss 15.01.2024. Bewirb dich jetzt.","robots":{"index":"index","follow":"follow","max-snippet":"max-snippet:-1","max-image-preview":"max-image-preview:large","max-video-preview":"max-video-preview:-1"},"canonical":"https:\/\/brittaadler.de\/eng\/2023\/12\/07\/britta-adler-jurymitglied-bei-aiv-schinkel-wettbewerb-anmeldeschluss-15-01-2024\/","og_locale":"en_GB","og_type":"article","og_title":"Britta Adler auch dieses Jahr wieder Jurymitglied bei AIV-Schinkel Wettbewerb - Anmeldeschluss 15.01.2024 | brittaadler.de","og_description":"Britta Adler ist auch dieses Jahr wieder Jurymitglied bei AIV-Schinkel Wettbewerb, Anmeldeschluss 15.01.2024. Bewirb dich jetzt.","og_url":"https:\/\/brittaadler.de\/eng\/2023\/12\/07\/britta-adler-jurymitglied-bei-aiv-schinkel-wettbewerb-anmeldeschluss-15-01-2024\/","og_site_name":"brittaadler.de","article_published_time":"2023-12-07T10:09:16+00:00","article_modified_time":"2023-12-25T17:32:15+00:00","og_image":[{"width":2048,"height":1303,"url":"https:\/\/brittaadler.de\/wp-content\/uploads\/2023\/12\/SWB24_Ankuendigung_Seite_01-2048x1303-1.jpg","type":"image\/jpeg"}],"author":"Britta Adler","twitter_card":"summary_large_image","twitter_misc":{"Written by":"Britta Adler","Estimated reading time":"2 minutes"},"schema":{"@context":"https:\/\/schema.org","@graph":[{"@type":"Article","@id":"https:\/\/brittaadler.de\/2023\/12\/07\/britta-adler-jurymitglied-bei-aiv-schinkel-wettbewerb-anmeldeschluss-15-01-2024\/#article","isPartOf":{"@id":"https:\/\/brittaadler.de\/2023\/12\/07\/britta-adler-jurymitglied-bei-aiv-schinkel-wettbewerb-anmeldeschluss-15-01-2024\/"},"author":{"name":"Britta Adler","@id":"https:\/\/brittaadler.de\/#\/schema\/person\/40d0257c6386f856786d908e2b0f9f88"},"headline":"Britta Adler auch dieses Jahr wieder Jurymitglied bei AIV-Schinkel Wettbewerb &#8211; Anmeldeschluss 15.01.2024","datePublished":"2023-12-07T10:09:16+00:00","dateModified":"2023-12-25T17:32:15+00:00","mainEntityOfPage":{"@id":"https:\/\/brittaadler.de\/2023\/12\/07\/britta-adler-jurymitglied-bei-aiv-schinkel-wettbewerb-anmeldeschluss-15-01-2024\/"},"wordCount":249,"commentCount":0,"publisher":{"@id":"https:\/\/brittaadler.de\/#\/schema\/person\/40d0257c6386f856786d908e2b0f9f88"},"image":{"@id":"https:\/\/brittaadler.de\/2023\/12\/07\/britta-adler-jurymitglied-bei-aiv-schinkel-wettbewerb-anmeldeschluss-15-01-2024\/#primaryimage"},"thumbnailUrl":"https:\/\/brittaadler.de\/wp-content\/uploads\/2023\/12\/SWB24_Ankuendigung_Seite_01-2048x1303-1.jpg","keywords":["Jury","Schinkelwettbewerb","Wettbewerb"],"articleSection":["I CURATE"],"inLanguage":"en-GB","potentialAction":[{"@type":"CommentAction","name":"Comment","target":["https:\/\/brittaadler.de\/2023\/12\/07\/britta-adler-jurymitglied-bei-aiv-schinkel-wettbewerb-anmeldeschluss-15-01-2024\/#respond"]}]},{"@type":"WebPage","@id":"https:\/\/brittaadler.de\/2023\/12\/07\/britta-adler-jurymitglied-bei-aiv-schinkel-wettbewerb-anmeldeschluss-15-01-2024\/","url":"https:\/\/brittaadler.de\/2023\/12\/07\/britta-adler-jurymitglied-bei-aiv-schinkel-wettbewerb-anmeldeschluss-15-01-2024\/","name":"Britta Adler auch dieses Jahr wieder Jurymitglied bei AIV-Schinkel Wettbewerb - Anmeldeschluss 15.01.2024 | brittaadler.de","isPartOf":{"@id":"https:\/\/brittaadler.de\/#website"},"primaryImageOfPage":{"@id":"https:\/\/brittaadler.de\/2023\/12\/07\/britta-adler-jurymitglied-bei-aiv-schinkel-wettbewerb-anmeldeschluss-15-01-2024\/#primaryimage"},"image":{"@id":"https:\/\/brittaadler.de\/2023\/12\/07\/britta-adler-jurymitglied-bei-aiv-schinkel-wettbewerb-anmeldeschluss-15-01-2024\/#primaryimage"},"thumbnailUrl":"https:\/\/brittaadler.de\/wp-content\/uploads\/2023\/12\/SWB24_Ankuendigung_Seite_01-2048x1303-1.jpg","datePublished":"2023-12-07T10:09:16+00:00","dateModified":"2023-12-25T17:32:15+00:00","description":"Britta Adler ist auch dieses Jahr wieder Jurymitglied bei AIV-Schinkel Wettbewerb, Anmeldeschluss 15.01.2024. Bewirb dich jetzt.","breadcrumb":{"@id":"https:\/\/brittaadler.de\/2023\/12\/07\/britta-adler-jurymitglied-bei-aiv-schinkel-wettbewerb-anmeldeschluss-15-01-2024\/#breadcrumb"},"inLanguage":"en-GB","potentialAction":[{"@type":"ReadAction","target":["https:\/\/brittaadler.de\/2023\/12\/07\/britta-adler-jurymitglied-bei-aiv-schinkel-wettbewerb-anmeldeschluss-15-01-2024\/"]}]},{"@type":"ImageObject","inLanguage":"en-GB","@id":"https:\/\/brittaadler.de\/2023\/12\/07\/britta-adler-jurymitglied-bei-aiv-schinkel-wettbewerb-anmeldeschluss-15-01-2024\/#primaryimage","url":"https:\/\/brittaadler.de\/wp-content\/uploads\/2023\/12\/SWB24_Ankuendigung_Seite_01-2048x1303-1.jpg","contentUrl":"https:\/\/brittaadler.de\/wp-content\/uploads\/2023\/12\/SWB24_Ankuendigung_Seite_01-2048x1303-1.jpg","width":2048,"height":1303,"caption":"AIV Schinkel-Wettbewerb 2024 \u201e\u00fcber:morgen\u201c"},{"@type":"BreadcrumbList","@id":"https:\/\/brittaadler.de\/2023\/12\/07\/britta-adler-jurymitglied-bei-aiv-schinkel-wettbewerb-anmeldeschluss-15-01-2024\/#breadcrumb","itemListElement":[{"@type":"ListItem","position":1,"name":"Startseite","item":"https:\/\/brittaadler.de\/"},{"@type":"ListItem","position":2,"name":"Britta Adler auch dieses Jahr wieder Jurymitglied bei AIV-Schinkel Wettbewerb &#8211; Anmeldeschluss 15.01.2024"}]},{"@type":"WebSite","@id":"https:\/\/brittaadler.de\/#website","url":"https:\/\/brittaadler.de\/","name":"brittaadler.de","description":"I create, I curate, I coach","publisher":{"@id":"https:\/\/brittaadler.de\/#\/schema\/person\/40d0257c6386f856786d908e2b0f9f88"},"potentialAction":[{"@type":"SearchAction","target":{"@type":"EntryPoint","urlTemplate":"https:\/\/brittaadler.de\/?s={search_term_string}"},"query-input":{"@type":"PropertyValueSpecification","valueRequired":true,"valueName":"search_term_string"}}],"inLanguage":"en-GB"},{"@type":["Person","Organization"],"@id":"https:\/\/brittaadler.de\/#\/schema\/person\/40d0257c6386f856786d908e2b0f9f88","name":"Britta Adler","image":{"@type":"ImageObject","inLanguage":"en-GB","@id":"https:\/\/brittaadler.de\/wp-content\/uploads\/2022\/04\/Britta-Adler_Artist-true-grit-by-Hildebrand-scaled.jpg","url":"https:\/\/brittaadler.de\/wp-content\/uploads\/2022\/04\/Britta-Adler_Artist-true-grit-by-Hildebrand-scaled.jpg","contentUrl":"https:\/\/brittaadler.de\/wp-content\/uploads\/2022\/04\/Britta-Adler_Artist-true-grit-by-Hildebrand-scaled.jpg","width":2560,"height":1629,"caption":"Britta Adler"},"logo":{"@id":"https:\/\/brittaadler.de\/wp-content\/uploads\/2022\/04\/Britta-Adler_Artist-true-grit-by-Hildebrand-scaled.jpg"},"sameAs":["https:\/\/www.brittaadler.de"],"url":"https:\/\/brittaadler.de\/eng\/author\/brittaadler\/"}]}},"_links":{"self":[{"href":"https:\/\/brittaadler.de\/eng\/wp-json\/wp\/v2\/posts\/1877","targetHints":{"allow":["GET"]}}],"collection":[{"href":"https:\/\/brittaadler.de\/eng\/wp-json\/wp\/v2\/posts"}],"about":[{"href":"https:\/\/brittaadler.de\/eng\/wp-json\/wp\/v2\/types\/post"}],"author":[{"embeddable":true,"href":"https:\/\/brittaadler.de\/eng\/wp-json\/wp\/v2\/users\/2"}],"replies":[{"embeddable":true,"href":"https:\/\/brittaadler.de\/eng\/wp-json\/wp\/v2\/comments?post=1877"}],"version-history":[{"count":0,"href":"https:\/\/brittaadler.de\/eng\/wp-json\/wp\/v2\/posts\/1877\/revisions"}],"wp:featuredmedia":[{"embeddable":true,"href":"https:\/\/brittaadler.de\/eng\/wp-json\/wp\/v2\/media\/1879"}],"wp:attachment":[{"href":"https:\/\/brittaadler.de\/eng\/wp-json\/wp\/v2\/media?parent=1877"}],"wp:term":[{"taxonomy":"category","embeddable":true,"href":"https:\/\/brittaadler.de\/eng\/wp-json\/wp\/v2\/categories?post=1877"},{"taxonomy":"post_tag","embeddable":true,"href":"https:\/\/brittaadler.de\/eng\/wp-json\/wp\/v2\/tags?post=1877"}],"curies":[{"name":"wp","href":"https:\/\/api.w.org\/{rel}","templated":true}]}}